{"id":872,"date":"2024-07-15T08:01:00","date_gmt":"2024-07-15T06:01:00","guid":{"rendered":"http:\/\/koyebanatv.com\/?p=872"},"modified":"2025-07-15T16:40:57","modified_gmt":"2025-07-15T14:40:57","slug":"lyon-9-au-coeur-de-la-celebration-de-lan-80-de-la-liberation-de-la-france","status":"publish","type":"post","link":"https:\/\/koyebanatv.com\/index.php\/2024\/07\/15\/lyon-9-au-coeur-de-la-celebration-de-lan-80-de-la-liberation-de-la-france\/","title":{"rendered":"LYON 9\u00a0: AU C\u0152UR DE LA CELEBRATION DE L\u2019AN 80 DE LA LIBERATION DE LA FRANCE"},"content":{"rendered":"\n<p><strong>Chaque ann\u00e9e depuis 1880, les fran\u00e7ais c\u00e9l\u00e8brent la f\u00eate nationale le 14 juillet, symbole de l&rsquo;unit\u00e9 autour des valeurs communes et de l&rsquo;histoire. Loin donc d&rsquo;\u00eatre en marge de cet \u00e9v\u00e9nement national, l&rsquo;arrondissement Lyon9 a organis\u00e9 en grande pompe, une s\u00e9rie d&rsquo;activit\u00e9s \u00e0 la place Valmy et ce pour la troisi\u00e8me ann\u00e9e cons\u00e9cutive.<\/strong><\/p>\n\n\n\n<p>Une journ\u00e9e riche en couleurs qui a \u00e9t\u00e9 abord\u00e9e sous le th\u00e8me : Les jeux olympiques de Paris. Une autre fa\u00e7on de mettre \u00e0 l&rsquo;honneur ce grand rendez vous mondial des sportifs qui se d\u00e9roulera du 26 juillet au 11 ao\u00fbt en France.<\/p>\n\n\n\n<figure class=\"wp-block-image size-large\"><img loading=\"lazy\" decoding=\"async\" width=\"1024\" height=\"461\" src=\"https:\/\/koyebanatv.com\/wp-content\/uploads\/2024\/07\/foule-lyon-1024x461.jpg\" alt=\"\" class=\"wp-image-877\" srcset=\"https:\/\/koyebanatv.com\/wp-content\/uploads\/2024\/07\/foule-lyon-1024x461.jpg 1024w, https:\/\/koyebanatv.com\/wp-content\/uploads\/2024\/07\/foule-lyon-300x135.jpg 300w, https:\/\/koyebanatv.com\/wp-content\/uploads\/2024\/07\/foule-lyon-768x346.jpg 768w, https:\/\/koyebanatv.com\/wp-content\/uploads\/2024\/07\/foule-lyon-1536x691.jpg 1536w, https:\/\/koyebanatv.com\/wp-content\/uploads\/2024\/07\/foule-lyon.jpg 1600w\" sizes=\"auto, (max-width: 1024px) 100vw, 1024px\" \/><\/figure>\n\n\n\n<p>\u00a0Venus des quatre coins de Lyon9, les participants \u00e0 cette belle f\u00eate nationale ont pris activement part aux diff\u00e9rentes activit\u00e9s entreprises par la mairie. Notamment les olympiades avec les associations sportives de l&rsquo;FFISSA du 9e arrondissement, banane et basket, sans oublier les animations interactives destin\u00e9es aux grands et petits. Le tout couronn\u00e9 par le spectacle des Groovy Lyons et le Dj Set avec le DJ Sam. Pourtant la f\u00eate du 14 juillet c\u00e9l\u00e9br\u00e9e \u00e0 Lyon est d\u00e9sormais tr\u00e8s attendue et \u00e0 donner des nouvelles habitudes aux citoyens de cette ville.<\/p>\n\n\n\n<figure class=\"wp-block-image size-large\"><img loading=\"lazy\" decoding=\"async\" width=\"1024\" height=\"561\" src=\"https:\/\/koyebanatv.com\/wp-content\/uploads\/2024\/07\/Maire-1024x561.jpg\" alt=\"\" class=\"wp-image-878\" srcset=\"https:\/\/koyebanatv.com\/wp-content\/uploads\/2024\/07\/Maire-1024x561.jpg 1024w, https:\/\/koyebanatv.com\/wp-content\/uploads\/2024\/07\/Maire-300x164.jpg 300w, https:\/\/koyebanatv.com\/wp-content\/uploads\/2024\/07\/Maire-768x421.jpg 768w, https:\/\/koyebanatv.com\/wp-content\/uploads\/2024\/07\/Maire.jpg 1080w\" sizes=\"auto, (max-width: 1024px) 100vw, 1024px\" \/><\/figure>\n\n\n\n<p><em>\u00a0\u00bb Cet \u00e9v\u00e9nement repr\u00e9sente plusieurs aspects pour ces habitants. Il contribue \u00e0 renforcer les relations au sein du 9e arrondissement tout en attirant les r\u00e9sidents sur la place Valmy. Cela permet \u00e9galement de comm\u00e9morer l&rsquo;histoire et les valeurs de la r\u00e9publique fran\u00e7aise autour des activit\u00e9s familiales comme les animations vari\u00e9es et les olympiades\u00a0\u00bb<\/em> confie Adrien DRIOLI, conseill\u00e9 en charge du sport et de la jeunesse.<\/p>\n\n\n\n<figure class=\"wp-block-image size-large\"><img loading=\"lazy\" decoding=\"async\" width=\"1024\" height=\"572\" src=\"https:\/\/koyebanatv.com\/wp-content\/uploads\/2024\/07\/Lyon-1-1024x572.jpg\" alt=\"\" class=\"wp-image-874\" srcset=\"https:\/\/koyebanatv.com\/wp-content\/uploads\/2024\/07\/Lyon-1-1024x572.jpg 1024w, https:\/\/koyebanatv.com\/wp-content\/uploads\/2024\/07\/Lyon-1-300x168.jpg 300w, https:\/\/koyebanatv.com\/wp-content\/uploads\/2024\/07\/Lyon-1-768x429.jpg 768w, https:\/\/koyebanatv.com\/wp-content\/uploads\/2024\/07\/Lyon-1.jpg 1080w\" sizes=\"auto, (max-width: 1024px) 100vw, 1024px\" \/><\/figure>\n\n\n\n<p>La comm\u00e9moration du 80e anniversaire de la lib\u00e9ration de la France par les troupes alli\u00e9es de l&rsquo;occupation nazie aura \u00e9t\u00e9 une sp\u00e9cificit\u00e9 singuli\u00e8re.<\/p>\n\n\n\n<p><em>\u00ab\u00a0La particularit\u00e9 de cette \u00e9dition est son th\u00e8me li\u00e9 aux jeux olympiques de Paris 2024.Une th\u00e9matique tourn\u00e9e vers le sport qui a su donner une autre dimension \u00e0 ces festivit\u00e9s diff\u00e9rentes des pr\u00e9c\u00e9dentes \u00e9ditions. Nous avons pu combler les attentes des r\u00e9sidents en termes d&rsquo;animations. Cette \u00e9dition version 2024 est une r\u00e9ussite\u00a0\u00bb<\/em> notifie Antoine Jobert, adjoint au maire en charge de la s\u00fbret\u00e9, de la s\u00e9curit\u00e9 et de la tranquillit\u00e9.<\/p>\n\n\n\n<figure class=\"wp-block-image size-large\"><img loading=\"lazy\" decoding=\"async\" width=\"1024\" height=\"569\" src=\"https:\/\/koyebanatv.com\/wp-content\/uploads\/2024\/07\/Lyon-2-1-1024x569.jpg\" alt=\"\" class=\"wp-image-875\" srcset=\"https:\/\/koyebanatv.com\/wp-content\/uploads\/2024\/07\/Lyon-2-1-1024x569.jpg 1024w, https:\/\/koyebanatv.com\/wp-content\/uploads\/2024\/07\/Lyon-2-1-300x167.jpg 300w, https:\/\/koyebanatv.com\/wp-content\/uploads\/2024\/07\/Lyon-2-1-768x427.jpg 768w, https:\/\/koyebanatv.com\/wp-content\/uploads\/2024\/07\/Lyon-2-1.jpg 1080w\" sizes=\"auto, (max-width: 1024px) 100vw, 1024px\" \/><\/figure>\n\n\n\n<p>Retenons que Lyon 9 est jusque-l\u00e0, le seul arrondissement \u00e0 c\u00e9l\u00e9brer la f\u00eate du 14 juillet, symbole de la libert\u00e9, l&rsquo;\u00e9galit\u00e9 et la fraternit\u00e9. Ce qui permet aux habitants du dit arrondissement de pr\u00f4ner l&rsquo;esprit patriotique et renforcer\u00a0le\u00a0lien\u00a0social.<\/p>\n","protected":false},"excerpt":{"rendered":"<p>Chaque ann\u00e9e depuis 1880, les fran\u00e7ais c\u00e9l\u00e8brent la f\u00eate nationale le 14 juillet, symbole de l&rsquo;unit\u00e9 autour des valeurs communes et de l&rsquo;histoire. Loin donc d&rsquo;\u00eatre en marge de cet [&hellip;]<\/p>\n","protected":false},"author":1,"featured_media":881,"comment_status":"open","ping_status":"open","sticky":false,"template":"","format":"standard","meta":{"_uag_custom_page_level_css":"","_monsterinsights_skip_tracking":false,"_monsterinsights_sitenote_active":false,"_monsterinsights_sitenote_note":"","_monsterinsights_sitenote_category":0,"site-sidebar-layout":"default","site-content-layout":"","ast-site-content-layout":"default","site-content-style":"default","site-sidebar-style":"default","ast-global-header-display":"","ast-banner-title-visibility":"","ast-main-header-display":"","ast-hfb-above-header-display":"","ast-hfb-below-header-display":"","ast-hfb-mobile-header-display":"","site-post-title":"","ast-breadcrumbs-content":"","ast-featured-img":"","footer-sml-layout":"","theme-transparent-header-meta":"","adv-header-id-meta":"","stick-header-meta":"","header-above-stick-meta":"","header-main-stick-meta":"","header-below-stick-meta":"","astra-migrate-meta-layouts":"default","ast-page-background-enabled":"default","ast-page-background-meta":{"desktop":{"background-color":"var(--ast-global-color-4)","background-image":"","background-repeat":"repeat","background-position":"center center","background-size":"auto","background-attachment":"scroll","background-type":"","background-media":"","overlay-type":"","overlay-color":"","overlay-opacity":"","overlay-gradient":""},"tablet":{"background-color":"","background-image":"","background-repeat":"repeat","background-position":"center center","background-size":"auto","background-attachment":"scroll","background-type":"","background-media":"","overlay-type":"","overlay-color":"","overlay-opacity":"","overlay-gradient":""},"mobile":{"background-color":"","background-image":"","background-repeat":"repeat","background-position":"center center","background-size":"auto","background-attachment":"scroll","background-type":"","background-media":"","overlay-type":"","overlay-color":"","overlay-opacity":"","overlay-gradient":""}},"ast-content-background-meta":{"desktop":{"background-color":"var(--ast-global-color-5)","background-image":"","background-repeat":"repeat","background-position":"center center","background-size":"auto","background-attachment":"scroll","background-type":"","background-media":"","overlay-type":"","overlay-color":"","overlay-opacity":"","overlay-gradient":""},"tablet":{"background-color":"var(--ast-global-color-5)","background-image":"","background-repeat":"repeat","background-position":"center center","background-size":"auto","background-attachment":"scroll","background-type":"","background-media":"","overlay-type":"","overlay-color":"","overlay-opacity":"","overlay-gradient":""},"mobile":{"background-color":"var(--ast-global-color-5)","background-image":"","background-repeat":"repeat","background-position":"center center","background-size":"auto","background-attachment":"scroll","background-type":"","background-media":"","overlay-type":"","overlay-color":"","overlay-opacity":"","overlay-gradient":""}},"_price":"","_stock":"","_tribe_ticket_header":"","_tribe_default_ticket_provider":"","_tribe_ticket_capacity":"0","_ticket_start_date":"","_ticket_end_date":"","_tribe_ticket_show_description":"","_tribe_ticket_show_not_going":false,"_tribe_ticket_use_global_stock":"","_tribe_ticket_global_stock_level":"","_global_stock_mode":"","_global_stock_cap":"","_tribe_rsvp_for_event":"","_tribe_ticket_going_count":"","_tribe_ticket_not_going_count":"","_tribe_tickets_list":"[]","_tribe_ticket_has_attendee_info_fields":false,"footnotes":""},"categories":[49,28],"tags":[],"class_list":["post-872","post","type-post","status-publish","format-standard","has-post-thumbnail","hentry","category-actualite","category-culture"],"uagb_featured_image_src":{"full":["https:\/\/koyebanatv.com\/wp-content\/uploads\/2024\/07\/Concert-lyon.jpg",1600,720,false],"thumbnail":["https:\/\/koyebanatv.com\/wp-content\/uploads\/2024\/07\/Concert-lyon-150x150.jpg",150,150,true],"medium":["https:\/\/koyebanatv.com\/wp-content\/uploads\/2024\/07\/Concert-lyon-300x135.jpg",300,135,true],"medium_large":["https:\/\/koyebanatv.com\/wp-content\/uploads\/2024\/07\/Concert-lyon-768x346.jpg",768,346,true],"large":["https:\/\/koyebanatv.com\/wp-content\/uploads\/2024\/07\/Concert-lyon-1024x461.jpg",1024,461,true],"1536x1536":["https:\/\/koyebanatv.com\/wp-content\/uploads\/2024\/07\/Concert-lyon-1536x691.jpg",1536,691,true],"2048x2048":["https:\/\/koyebanatv.com\/wp-content\/uploads\/2024\/07\/Concert-lyon.jpg",1600,720,false]},"uagb_author_info":{"display_name":"Nadine Ihou","author_link":"https:\/\/koyebanatv.com\/author\/koyebanatv-com\/"},"uagb_comment_info":52,"uagb_excerpt":"Chaque ann\u00e9e depuis 1880, les fran\u00e7ais c\u00e9l\u00e8brent la f\u00eate nationale le 14 juillet, symbole de l&rsquo;unit\u00e9 autour des valeurs communes et de l&rsquo;histoire. Loin donc d&rsquo;\u00eatre en marge de cet [&hellip;]","_links":{"self":[{"href":"https:\/\/koyebanatv.com\/index.php\/wp-json\/wp\/v2\/posts\/872","targetHints":{"allow":["GET"]}}],"collection":[{"href":"https:\/\/koyebanatv.com\/index.php\/wp-json\/wp\/v2\/posts"}],"about":[{"href":"https:\/\/koyebanatv.com\/index.php\/wp-json\/wp\/v2\/types\/post"}],"author":[{"embeddable":true,"href":"https:\/\/koyebanatv.com\/index.php\/wp-json\/wp\/v2\/users\/1"}],"replies":[{"embeddable":true,"href":"https:\/\/koyebanatv.com\/index.php\/wp-json\/wp\/v2\/comments?post=872"}],"version-history":[{"count":1,"href":"https:\/\/koyebanatv.com\/index.php\/wp-json\/wp\/v2\/posts\/872\/revisions"}],"predecessor-version":[{"id":879,"href":"https:\/\/koyebanatv.com\/index.php\/wp-json\/wp\/v2\/posts\/872\/revisions\/879"}],"wp:featuredmedia":[{"embeddable":true,"href":"https:\/\/koyebanatv.com\/index.php\/wp-json\/wp\/v2\/media\/881"}],"wp:attachment":[{"href":"https:\/\/koyebanatv.com\/index.php\/wp-json\/wp\/v2\/media?parent=872"}],"wp:term":[{"taxonomy":"category","embeddable":true,"href":"https:\/\/koyebanatv.com\/index.php\/wp-json\/wp\/v2\/categories?post=872"},{"taxonomy":"post_tag","embeddable":true,"href":"https:\/\/koyebanatv.com\/index.php\/wp-json\/wp\/v2\/tags?post=872"}],"curies":[{"name":"wp","href":"https:\/\/api.w.org\/{rel}","templated":true}]}}