{"id":894,"date":"2024-12-04T16:52:08","date_gmt":"2024-12-04T15:52:08","guid":{"rendered":"http:\/\/koyebanatv.com\/?p=894"},"modified":"2024-12-07T20:58:04","modified_gmt":"2024-12-07T19:58:04","slug":"thiaroye-la-memoire-reveillee-participation-du-collectif-africa-50","status":"publish","type":"post","link":"https:\/\/koyebanatv.com\/index.php\/2024\/12\/04\/thiaroye-la-memoire-reveillee-participation-du-collectif-africa-50\/","title":{"rendered":"THIAROYE, LA MEMOIRE REVEILLEE :  PARTICIPATION DU COLLECTIF AFRICA 50"},"content":{"rendered":"\n<p><strong>Du 1<sup>er<\/sup> au 3 d\u00e9cembre 2024, la ville de Thiaroye, en p\u00e9riph\u00e9rie de Dakar, a vibr\u00e9 au rythme des festivit\u00e9s marquant l&rsquo;an 80 du massacre de Thiaroye.<\/strong><\/p>\n\n\n\n<p>Plac\u00e9es sous le patronage du pr\u00e9sident s\u00e9n\u00e9galais Faye Bassirou Diomaye, Ces festivit\u00e9s ont rassembl\u00e9 des personnalit\u00e9s politiques, des historiens, des repr\u00e9sentants de la diaspora s\u00e9n\u00e9galaise et le pr\u00e9sident du <strong>collectif Africa 50<\/strong> Ya Mutuale Balume, pour honorer la m\u00e9moire des victimes et revenir sur les enjeux historiques, sociaux et politiques li\u00e9s \u00e0 ce drame.<\/p>\n\n\n\n<figure class=\"wp-block-image size-large\"><img loading=\"lazy\" decoding=\"async\" width=\"1024\" height=\"768\" src=\"https:\/\/koyebanatv.com\/wp-content\/uploads\/2024\/12\/WhatsApp-Image-2024-12-05-a-13.53.48_f9355072-1-1024x768.jpg\" alt=\"\" class=\"wp-image-904\" srcset=\"https:\/\/koyebanatv.com\/wp-content\/uploads\/2024\/12\/WhatsApp-Image-2024-12-05-a-13.53.48_f9355072-1-1024x768.jpg 1024w, https:\/\/koyebanatv.com\/wp-content\/uploads\/2024\/12\/WhatsApp-Image-2024-12-05-a-13.53.48_f9355072-1-300x225.jpg 300w, https:\/\/koyebanatv.com\/wp-content\/uploads\/2024\/12\/WhatsApp-Image-2024-12-05-a-13.53.48_f9355072-1-768x576.jpg 768w, https:\/\/koyebanatv.com\/wp-content\/uploads\/2024\/12\/WhatsApp-Image-2024-12-05-a-13.53.48_f9355072-1-1536x1152.jpg 1536w, https:\/\/koyebanatv.com\/wp-content\/uploads\/2024\/12\/WhatsApp-Image-2024-12-05-a-13.53.48_f9355072-1-136x102.jpg 136w, https:\/\/koyebanatv.com\/wp-content\/uploads\/2024\/12\/WhatsApp-Image-2024-12-05-a-13.53.48_f9355072-1.jpg 1600w\" sizes=\"auto, (max-width: 1024px) 100vw, 1024px\" \/><\/figure>\n\n\n\n<p><strong>Un hommage solennel aux victimes<\/strong><\/p>\n\n\n\n<p>Les festivit\u00e9s ont d\u00e9but\u00e9 par un moment solennel au cimeti\u00e8re militaire de Thiaroye, o\u00f9 des gerbes de fleurs ont \u00e9t\u00e9 d\u00e9pos\u00e9es en hommage aux soldats africains, victimes du massacre de 1944.<\/p>\n\n\n\n<p>Ce moment solennel a \u00e9t\u00e9 suivi d&rsquo;une&nbsp;c\u00e9r\u00e9monie officielle&nbsp;sous le patronage du pr\u00e9sident de la R\u00e9publique du S\u00e9n\u00e9gal, Bassirou Diomaye Faye, qui a prononc\u00e9 un discours poignant sur l&rsquo;importance de la m\u00e9moire et de la r\u00e9appropriation historique.<\/p>\n\n\n\n<p><strong>Le colloque international : Une r\u00e9flexion sur l\u2019histoire et ses enjeux<\/strong><\/p>\n\n\n\n<figure class=\"wp-block-image size-large\"><img loading=\"lazy\" decoding=\"async\" width=\"1024\" height=\"683\" src=\"https:\/\/koyebanatv.com\/wp-content\/uploads\/2024\/12\/WhatsApp-Image-2024-12-05-a-13.58.12_0727dfb6-1024x683.jpg\" alt=\"\" class=\"wp-image-906\" srcset=\"https:\/\/koyebanatv.com\/wp-content\/uploads\/2024\/12\/WhatsApp-Image-2024-12-05-a-13.58.12_0727dfb6-1024x683.jpg 1024w, https:\/\/koyebanatv.com\/wp-content\/uploads\/2024\/12\/WhatsApp-Image-2024-12-05-a-13.58.12_0727dfb6-300x200.jpg 300w, https:\/\/koyebanatv.com\/wp-content\/uploads\/2024\/12\/WhatsApp-Image-2024-12-05-a-13.58.12_0727dfb6-768x512.jpg 768w, https:\/\/koyebanatv.com\/wp-content\/uploads\/2024\/12\/WhatsApp-Image-2024-12-05-a-13.58.12_0727dfb6.jpg 1080w\" sizes=\"auto, (max-width: 1024px) 100vw, 1024px\" \/><\/figure>\n\n\n\n<p>Un colloque international a \u00e9galement eu lieu, abordant le th\u00e8me : \u00ab\u00a0Le massacre du camp de Thiaroye en 1944 : enjeux historiques, fictions et imaginaires politiques\u00a0\u00bb.<\/p>\n\n\n\n<p>Ya Mutuale Balume, pr\u00e9sident du collectif Africa 50 a \u00e9t\u00e9 l&rsquo;un des pan\u00e9listes des associations m\u00e9morielles, apportant des perspectives sur les implications historiques et politiques du massacre. Ce colloque a permis d&rsquo;\u00e9changer sur les d\u00e9fis m\u00e9moriels et les enjeux diplomatiques li\u00e9s \u00e0 cet \u00e9v\u00e9nement tragique.<\/p>\n\n\n\n<figure class=\"wp-block-image size-large\"><img loading=\"lazy\" decoding=\"async\" width=\"1024\" height=\"683\" src=\"https:\/\/koyebanatv.com\/wp-content\/uploads\/2024\/12\/WhatsApp-Image-2024-12-05-a-13.58.11_8b1dd4d0-1024x683.jpg\" alt=\"\" class=\"wp-image-896\" srcset=\"https:\/\/koyebanatv.com\/wp-content\/uploads\/2024\/12\/WhatsApp-Image-2024-12-05-a-13.58.11_8b1dd4d0-1024x683.jpg 1024w, https:\/\/koyebanatv.com\/wp-content\/uploads\/2024\/12\/WhatsApp-Image-2024-12-05-a-13.58.11_8b1dd4d0-300x200.jpg 300w, https:\/\/koyebanatv.com\/wp-content\/uploads\/2024\/12\/WhatsApp-Image-2024-12-05-a-13.58.11_8b1dd4d0-768x512.jpg 768w, https:\/\/koyebanatv.com\/wp-content\/uploads\/2024\/12\/WhatsApp-Image-2024-12-05-a-13.58.11_8b1dd4d0.jpg 1080w\" sizes=\"auto, (max-width: 1024px) 100vw, 1024px\" \/><\/figure>\n\n\n\n<p>Une Journ\u00e9e du Tirailleur sera d\u00e9sormais c\u00e9l\u00e9br\u00e9e le 1<sup>er<\/sup> d\u00e9cembre de chaque ann\u00e9e, renfor\u00e7ant ainsi l&rsquo;engagement du S\u00e9n\u00e9gal envers la reconnaissance des sacrifices consentis par ces soldats.<\/p>\n\n\n\n<p><strong>Une participation marquante du Collectif Africa 50 et du d\u00e9put\u00e9 de la diaspora s\u00e9n\u00e9galaise<\/strong><\/p>\n\n\n\n<p>Ces \u00e9v\u00e9nements ont \u00e9t\u00e9 un moment essentiel pour rendre hommage aux tirailleurs s\u00e9n\u00e9galais, victimes de cette trag\u00e9die survenue le 1er d\u00e9cembre 1944. La pr\u00e9sence du pr\u00e9sident du <strong>collectif Africa 50 <\/strong>et du d\u00e9put\u00e9 de la diaspora s\u00e9n\u00e9galaise <strong>Abdou Sonko<\/strong> a permis de donner une port\u00e9e politique et internationale \u00e0 ces \u00e9v\u00e9nements, en soulignant l\u2019importance de la justice et de la reconnaissance des souffrances historiques.<\/p>\n\n\n\n<figure class=\"wp-block-image size-large\"><img loading=\"lazy\" decoding=\"async\" width=\"1024\" height=\"768\" src=\"https:\/\/koyebanatv.com\/wp-content\/uploads\/2024\/12\/WhatsApp-Image-2024-12-05-a-13.55.10_ca8f6b81-1024x768.jpg\" alt=\"\" class=\"wp-image-910\" srcset=\"https:\/\/koyebanatv.com\/wp-content\/uploads\/2024\/12\/WhatsApp-Image-2024-12-05-a-13.55.10_ca8f6b81-1024x768.jpg 1024w, https:\/\/koyebanatv.com\/wp-content\/uploads\/2024\/12\/WhatsApp-Image-2024-12-05-a-13.55.10_ca8f6b81-300x225.jpg 300w, https:\/\/koyebanatv.com\/wp-content\/uploads\/2024\/12\/WhatsApp-Image-2024-12-05-a-13.55.10_ca8f6b81-768x576.jpg 768w, https:\/\/koyebanatv.com\/wp-content\/uploads\/2024\/12\/WhatsApp-Image-2024-12-05-a-13.55.10_ca8f6b81-1536x1152.jpg 1536w, https:\/\/koyebanatv.com\/wp-content\/uploads\/2024\/12\/WhatsApp-Image-2024-12-05-a-13.55.10_ca8f6b81-136x102.jpg 136w, https:\/\/koyebanatv.com\/wp-content\/uploads\/2024\/12\/WhatsApp-Image-2024-12-05-a-13.55.10_ca8f6b81.jpg 1600w\" sizes=\"auto, (max-width: 1024px) 100vw, 1024px\" \/><\/figure>\n\n\n\n<p>Il faut dire, que ces festivit\u00e9s ont non seulement marqu\u00e9 un moment de m\u00e9moire collective mais aussi un tournant dans la mani\u00e8re dont le S\u00e9n\u00e9gal aborde son histoire coloniale, avec une volont\u00e9 affich\u00e9e de r\u00e9tablir la v\u00e9rit\u00e9 et d&rsquo;honorer ceux qui ont souffert.<\/p>\n","protected":false},"excerpt":{"rendered":"<p>Du 1er au 3 d\u00e9cembre 2024, la ville de Thiaroye, en p\u00e9riph\u00e9rie de Dakar, a vibr\u00e9 au rythme des festivit\u00e9s marquant l&rsquo;an 80 du massacre de Thiaroye. Plac\u00e9es sous le [&hellip;]<\/p>\n","protected":false},"author":1,"featured_media":897,"comment_status":"open","ping_status":"open","sticky":false,"template":"","format":"standard","meta":{"_uag_custom_page_level_css":"","_monsterinsights_skip_tracking":false,"_monsterinsights_sitenote_active":false,"_monsterinsights_sitenote_note":"","_monsterinsights_sitenote_category":0,"site-sidebar-layout":"default","site-content-layout":"","ast-site-content-layout":"default","site-content-style":"default","site-sidebar-style":"default","ast-global-header-display":"","ast-banner-title-visibility":"","ast-main-header-display":"","ast-hfb-above-header-display":"","ast-hfb-below-header-display":"","ast-hfb-mobile-header-display":"","site-post-title":"","ast-breadcrumbs-content":"","ast-featured-img":"","footer-sml-layout":"","ast-disable-related-posts":"","theme-transparent-header-meta":"","adv-header-id-meta":"","stick-header-meta":"","header-above-stick-meta":"","header-main-stick-meta":"","header-below-stick-meta":"","astra-migrate-meta-layouts":"default","ast-page-background-enabled":"default","ast-page-background-meta":{"desktop":{"background-color":"var(--ast-global-color-4)","background-image":"","background-repeat":"repeat","background-position":"center center","background-size":"auto","background-attachment":"scroll","background-type":"","background-media":"","overlay-type":"","overlay-color":"","overlay-opacity":"","overlay-gradient":""},"tablet":{"background-color":"","background-image":"","background-repeat":"repeat","background-position":"center center","background-size":"auto","background-attachment":"scroll","background-type":"","background-media":"","overlay-type":"","overlay-color":"","overlay-opacity":"","overlay-gradient":""},"mobile":{"background-color":"","background-image":"","background-repeat":"repeat","background-position":"center center","background-size":"auto","background-attachment":"scroll","background-type":"","background-media":"","overlay-type":"","overlay-color":"","overlay-opacity":"","overlay-gradient":""}},"ast-content-background-meta":{"desktop":{"background-color":"var(--ast-global-color-5)","background-image":"","background-repeat":"repeat","background-position":"center center","background-size":"auto","background-attachment":"scroll","background-type":"","background-media":"","overlay-type":"","overlay-color":"","overlay-opacity":"","overlay-gradient":""},"tablet":{"background-color":"var(--ast-global-color-5)","background-image":"","background-repeat":"repeat","background-position":"center center","background-size":"auto","background-attachment":"scroll","background-type":"","background-media":"","overlay-type":"","overlay-color":"","overlay-opacity":"","overlay-gradient":""},"mobile":{"background-color":"var(--ast-global-color-5)","background-image":"","background-repeat":"repeat","background-position":"center center","background-size":"auto","background-attachment":"scroll","background-type":"","background-media":"","overlay-type":"","overlay-color":"","overlay-opacity":"","overlay-gradient":""}},"_price":"","_stock":"","_tribe_ticket_header":"","_tribe_default_ticket_provider":"","_tribe_ticket_capacity":"0","_ticket_start_date":"","_ticket_end_date":"","_tribe_ticket_show_description":"","_tribe_ticket_show_not_going":false,"_tribe_ticket_use_global_stock":"","_tribe_ticket_global_stock_level":"","_global_stock_mode":"","_global_stock_cap":"","_tribe_rsvp_for_event":"","_tribe_ticket_going_count":"","_tribe_ticket_not_going_count":"","_tribe_tickets_list":"[]","_tribe_ticket_has_attendee_info_fields":false,"footnotes":""},"categories":[29],"tags":[],"class_list":["post-894","post","type-post","status-publish","format-standard","has-post-thumbnail","hentry","category-evenement"],"uagb_featured_image_src":{"full":["https:\/\/koyebanatv.com\/wp-content\/uploads\/2024\/12\/WhatsApp-Image-2024-12-05-a-13.53.48_ae72bc4b.jpg",1600,1200,false],"thumbnail":["https:\/\/koyebanatv.com\/wp-content\/uploads\/2024\/12\/WhatsApp-Image-2024-12-05-a-13.53.48_ae72bc4b-150x150.jpg",150,150,true],"medium":["https:\/\/koyebanatv.com\/wp-content\/uploads\/2024\/12\/WhatsApp-Image-2024-12-05-a-13.53.48_ae72bc4b-300x225.jpg",300,225,true],"medium_large":["https:\/\/koyebanatv.com\/wp-content\/uploads\/2024\/12\/WhatsApp-Image-2024-12-05-a-13.53.48_ae72bc4b-768x576.jpg",768,576,true],"large":["https:\/\/koyebanatv.com\/wp-content\/uploads\/2024\/12\/WhatsApp-Image-2024-12-05-a-13.53.48_ae72bc4b-1024x768.jpg",1024,768,true],"1536x1536":["https:\/\/koyebanatv.com\/wp-content\/uploads\/2024\/12\/WhatsApp-Image-2024-12-05-a-13.53.48_ae72bc4b-1536x1152.jpg",1536,1152,true],"2048x2048":["https:\/\/koyebanatv.com\/wp-content\/uploads\/2024\/12\/WhatsApp-Image-2024-12-05-a-13.53.48_ae72bc4b.jpg",1600,1200,false]},"uagb_author_info":{"display_name":"Nadine Ihou","author_link":"https:\/\/koyebanatv.com\/author\/koyebanatv-com\/"},"uagb_comment_info":86,"uagb_excerpt":"Du 1er au 3 d\u00e9cembre 2024, la ville de Thiaroye, en p\u00e9riph\u00e9rie de Dakar, a vibr\u00e9 au rythme des festivit\u00e9s marquant l&rsquo;an 80 du massacre de Thiaroye. Plac\u00e9es sous le [&hellip;]","_links":{"self":[{"href":"https:\/\/koyebanatv.com\/index.php\/wp-json\/wp\/v2\/posts\/894","targetHints":{"allow":["GET"]}}],"collection":[{"href":"https:\/\/koyebanatv.com\/index.php\/wp-json\/wp\/v2\/posts"}],"about":[{"href":"https:\/\/koyebanatv.com\/index.php\/wp-json\/wp\/v2\/types\/post"}],"author":[{"embeddable":true,"href":"https:\/\/koyebanatv.com\/index.php\/wp-json\/wp\/v2\/users\/1"}],"replies":[{"embeddable":true,"href":"https:\/\/koyebanatv.com\/index.php\/wp-json\/wp\/v2\/comments?post=894"}],"version-history":[{"count":6,"href":"https:\/\/koyebanatv.com\/index.php\/wp-json\/wp\/v2\/posts\/894\/revisions"}],"predecessor-version":[{"id":913,"href":"https:\/\/koyebanatv.com\/index.php\/wp-json\/wp\/v2\/posts\/894\/revisions\/913"}],"wp:featuredmedia":[{"embeddable":true,"href":"https:\/\/koyebanatv.com\/index.php\/wp-json\/wp\/v2\/media\/897"}],"wp:attachment":[{"href":"https:\/\/koyebanatv.com\/index.php\/wp-json\/wp\/v2\/media?parent=894"}],"wp:term":[{"taxonomy":"category","embeddable":true,"href":"https:\/\/koyebanatv.com\/index.php\/wp-json\/wp\/v2\/categories?post=894"},{"taxonomy":"post_tag","embeddable":true,"href":"https:\/\/koyebanatv.com\/index.php\/wp-json\/wp\/v2\/tags?post=894"}],"curies":[{"name":"wp","href":"https:\/\/api.w.org\/{rel}","templated":true}]}}