{"id":915,"date":"2024-12-14T12:32:08","date_gmt":"2024-12-14T11:32:08","guid":{"rendered":"http:\/\/koyebanatv.com\/?p=915"},"modified":"2024-12-20T15:09:00","modified_gmt":"2024-12-20T14:09:00","slug":"mutualiser-pour-reussir-les-strategies-gagnante-du-cosim","status":"publish","type":"post","link":"https:\/\/koyebanatv.com\/index.php\/2024\/12\/14\/mutualiser-pour-reussir-les-strategies-gagnante-du-cosim\/","title":{"rendered":"MUTUALISER POUR REUSSIR\u00a0: LES STRATEGIES GAGNANTES DU COSIM"},"content":{"rendered":"\n<p><strong>La salle des archives d\u00e9partementales et m\u00e9tropolitaines vient d\u2019accueillir le 13 d\u00e9cembre 2024, un \u00e9v\u00e8nement majeur autour du th\u00e8me\u00a0: \u2018\u2019CAPITALISATION ET RAYONNEMENT DES PROJETS INTERNATIONAUX\u2019\u2019, organis\u00e9 par le COSIM \u2018\u2019 Comit\u00e9 de Solidarit\u00e9 Internationale de la M\u00e9tropole de Lyon\u2019\u2019.<\/strong><\/p>\n\n\n\n<figure class=\"wp-block-image size-large\"><img loading=\"lazy\" decoding=\"async\" width=\"1024\" height=\"374\" src=\"https:\/\/koyebanatv.com\/wp-content\/uploads\/2024\/12\/WhatsApp-Image-2024-12-20-a-12.55.19_4679241d-1024x374.jpg\" alt=\"\" class=\"wp-image-917\" srcset=\"https:\/\/koyebanatv.com\/wp-content\/uploads\/2024\/12\/WhatsApp-Image-2024-12-20-a-12.55.19_4679241d-1024x374.jpg 1024w, https:\/\/koyebanatv.com\/wp-content\/uploads\/2024\/12\/WhatsApp-Image-2024-12-20-a-12.55.19_4679241d-300x110.jpg 300w, https:\/\/koyebanatv.com\/wp-content\/uploads\/2024\/12\/WhatsApp-Image-2024-12-20-a-12.55.19_4679241d-768x281.jpg 768w, https:\/\/koyebanatv.com\/wp-content\/uploads\/2024\/12\/WhatsApp-Image-2024-12-20-a-12.55.19_4679241d-1536x562.jpg 1536w, https:\/\/koyebanatv.com\/wp-content\/uploads\/2024\/12\/WhatsApp-Image-2024-12-20-a-12.55.19_4679241d.jpg 1600w\" sizes=\"auto, (max-width: 1024px) 100vw, 1024px\" \/><\/figure>\n\n\n\n<p>Plac\u00e9 sous le signe de la coop\u00e9ration et de l&rsquo;innovation solidaire, ce rendez-vous \u00e9conomique a \u00e9t\u00e9 organis\u00e9 par le Comit\u00e9 de Solidarit\u00e9 Internationale de la M\u00e9tropole de Lyon (COSIM). Il a r\u00e9uni les acteurs de la solidarit\u00e9 internationale, des porteurs des projets sans compter les repr\u00e9sentants institutionnels. En vue d\u2019\u00e9changer et mettre en lumi\u00e8re l&rsquo;importance de la mutualisation des initiatives \u00e0 l&rsquo;\u00e9chelle internationale.<\/p>\n\n\n\n<p><strong>Un \u00e9v\u00e8nement sous le signe de la coop\u00e9ration et de l\u2019innovation solidaire<\/strong><\/p>\n\n\n\n<p>A l&rsquo;ouverture des travaux, la vice-pr\u00e9sidente de la coop\u00e9ration internationale et du tourisme de la m\u00e9tropole de Lyon Mme DUVIVIER DROMAIN H\u00e9l\u00e8ne a r\u00e9affirm\u00e9 le r\u00f4le fondamental que joue la M\u00e9tropole au niveau du soutien aux projets de solidarit\u00e9 internationale. Aussi, elle n&rsquo;a pas manqu\u00e9 de souligner l&rsquo;importance des partenariats et des synergies cr\u00e9\u00e9s entre les diff\u00e9rents acteurs.<\/p>\n\n\n\n<p>Cependant, Juv\u00e9nal FOUDA, pr\u00e9sident du COSIM, a soulign\u00e9 le r\u00f4le crucial des organisations issues des migrations dans le d\u00e9veloppement solidaire et aussi dans un monde de plus en plus interconnecte. A-t-il mis en avant les d\u00e9fis actuels auxquels sont confront\u00e9es les organisations de solidarit\u00e9. Tout en exprimant l&rsquo;engagement continu du COSIM quant \u00e0 soutenir l&rsquo;ensemble des acteurs \u00e9voluant dans les secteurs locaux ou internationaux.<\/p>\n\n\n\n<p><strong>La pr\u00e9sentation des projets laur\u00e9ats PRAOSIM&nbsp;: une vitrine de la solidarit\u00e9 internationale<\/strong><\/p>\n\n\n\n<p>A cette occasion propice, chaque porteur de projets a eu l\u2019opportunit\u00e9 de pitcher son initiative devant un public d\u2019experts et de partenaires. Ces projets vari\u00e9s ont montr\u00e9 la diversit\u00e9 des approches solidaires mises en place \u00e0 l\u2019international, tout en t\u00e9moignant de la cr\u00e9ativit\u00e9 et de l\u2019engagement des acteurs de la solidarit\u00e9.<\/p>\n\n\n\n<figure class=\"wp-block-image size-large\"><img loading=\"lazy\" decoding=\"async\" width=\"1024\" height=\"909\" src=\"https:\/\/koyebanatv.com\/wp-content\/uploads\/2024\/12\/WhatsApp-Image-2024-12-20-a-12.46.16_5c2758cd-1024x909.jpg\" alt=\"\" class=\"wp-image-918\" srcset=\"https:\/\/koyebanatv.com\/wp-content\/uploads\/2024\/12\/WhatsApp-Image-2024-12-20-a-12.46.16_5c2758cd-1024x909.jpg 1024w, https:\/\/koyebanatv.com\/wp-content\/uploads\/2024\/12\/WhatsApp-Image-2024-12-20-a-12.46.16_5c2758cd-300x266.jpg 300w, https:\/\/koyebanatv.com\/wp-content\/uploads\/2024\/12\/WhatsApp-Image-2024-12-20-a-12.46.16_5c2758cd-768x682.jpg 768w, https:\/\/koyebanatv.com\/wp-content\/uploads\/2024\/12\/WhatsApp-Image-2024-12-20-a-12.46.16_5c2758cd-1536x1364.jpg 1536w, https:\/\/koyebanatv.com\/wp-content\/uploads\/2024\/12\/WhatsApp-Image-2024-12-20-a-12.46.16_5c2758cd.jpg 1600w\" sizes=\"auto, (max-width: 1024px) 100vw, 1024px\" \/><\/figure>\n\n\n\n<p><strong>Vers une solidarit\u00e9 internationale renforc\u00e9e<\/strong><\/p>\n\n\n\n<p>Des experts et partenaires ont expliqu\u00e9 les objectifs essentiels de la mutualisation des projets, qui permettent de renforcer l\u2019impact des actions men\u00e9es. Des interventions qui ont permis aux participants de mieux comprendre les crit\u00e8res d\u2019\u00e9ligibilit\u00e9, les priorit\u00e9s g\u00e9ographiques et th\u00e9matiques, ainsi que les modalit\u00e9s de financement disponibles pour les porteurs de projets souhaitant s\u2019impliquer dans des actions internationales.<\/p>\n\n\n\n<figure class=\"wp-block-image size-large\"><img loading=\"lazy\" decoding=\"async\" width=\"1024\" height=\"576\" src=\"https:\/\/koyebanatv.com\/wp-content\/uploads\/2024\/12\/image00025-1024x576.jpeg\" alt=\"\" class=\"wp-image-922\" srcset=\"https:\/\/koyebanatv.com\/wp-content\/uploads\/2024\/12\/image00025-1024x576.jpeg 1024w, https:\/\/koyebanatv.com\/wp-content\/uploads\/2024\/12\/image00025-300x169.jpeg 300w, https:\/\/koyebanatv.com\/wp-content\/uploads\/2024\/12\/image00025-768x432.jpeg 768w, https:\/\/koyebanatv.com\/wp-content\/uploads\/2024\/12\/image00025-1536x864.jpeg 1536w, https:\/\/koyebanatv.com\/wp-content\/uploads\/2024\/12\/image00025-2048x1152.jpeg 2048w\" sizes=\"auto, (max-width: 1024px) 100vw, 1024px\" \/><\/figure>\n\n\n\n<p><strong>Une plateforme pour les appels \u00e0 projets internationaux<\/strong><\/p>\n\n\n\n<p>L\u2019\u00e9v\u00e8nement s\u2019est \u00e9galement enrichi d\u2019une pr\u00e9sentation d\u00e9taill\u00e9e de l\u2019appel \u00e0 projets internationaux, une initiative phare pour encourager la solidarit\u00e9 internationale en soutenant des projets innovants \u00e0 l\u2019\u00e9chelle mondiale.<\/p>\n","protected":false},"excerpt":{"rendered":"<p>La salle des archives d\u00e9partementales et m\u00e9tropolitaines vient d\u2019accueillir le 13 d\u00e9cembre 2024, un \u00e9v\u00e8nement majeur autour du th\u00e8me\u00a0: \u2018\u2019CAPITALISATION ET RAYONNEMENT DES PROJETS INTERNATIONAUX\u2019\u2019, organis\u00e9 par le COSIM \u2018\u2019 [&hellip;]<\/p>\n","protected":false},"author":1,"featured_media":920,"comment_status":"open","ping_status":"open","sticky":false,"template":"","format":"standard","meta":{"_uag_custom_page_level_css":"","_monsterinsights_skip_tracking":false,"_monsterinsights_sitenote_active":false,"_monsterinsights_sitenote_note":"","_monsterinsights_sitenote_category":0,"site-sidebar-layout":"default","site-content-layout":"","ast-site-content-layout":"default","site-content-style":"default","site-sidebar-style":"default","ast-global-header-display":"","ast-banner-title-visibility":"","ast-main-header-display":"","ast-hfb-above-header-display":"","ast-hfb-below-header-display":"","ast-hfb-mobile-header-display":"","site-post-title":"","ast-breadcrumbs-content":"","ast-featured-img":"","footer-sml-layout":"","theme-transparent-header-meta":"","adv-header-id-meta":"","stick-header-meta":"","header-above-stick-meta":"","header-main-stick-meta":"","header-below-stick-meta":"","astra-migrate-meta-layouts":"default","ast-page-background-enabled":"default","ast-page-background-meta":{"desktop":{"background-color":"var(--ast-global-color-4)","background-image":"","background-repeat":"repeat","background-position":"center center","background-size":"auto","background-attachment":"scroll","background-type":"","background-media":"","overlay-type":"","overlay-color":"","overlay-opacity":"","overlay-gradient":""},"tablet":{"background-color":"","background-image":"","background-repeat":"repeat","background-position":"center center","background-size":"auto","background-attachment":"scroll","background-type":"","background-media":"","overlay-type":"","overlay-color":"","overlay-opacity":"","overlay-gradient":""},"mobile":{"background-color":"","background-image":"","background-repeat":"repeat","background-position":"center center","background-size":"auto","background-attachment":"scroll","background-type":"","background-media":"","overlay-type":"","overlay-color":"","overlay-opacity":"","overlay-gradient":""}},"ast-content-background-meta":{"desktop":{"background-color":"var(--ast-global-color-5)","background-image":"","background-repeat":"repeat","background-position":"center center","background-size":"auto","background-attachment":"scroll","background-type":"","background-media":"","overlay-type":"","overlay-color":"","overlay-opacity":"","overlay-gradient":""},"tablet":{"background-color":"var(--ast-global-color-5)","background-image":"","background-repeat":"repeat","background-position":"center center","background-size":"auto","background-attachment":"scroll","background-type":"","background-media":"","overlay-type":"","overlay-color":"","overlay-opacity":"","overlay-gradient":""},"mobile":{"background-color":"var(--ast-global-color-5)","background-image":"","background-repeat":"repeat","background-position":"center center","background-size":"auto","background-attachment":"scroll","background-type":"","background-media":"","overlay-type":"","overlay-color":"","overlay-opacity":"","overlay-gradient":""}},"_price":"","_stock":"","_tribe_ticket_header":"","_tribe_default_ticket_provider":"","_tribe_ticket_capacity":"0","_ticket_start_date":"","_ticket_end_date":"","_tribe_ticket_show_description":"","_tribe_ticket_show_not_going":false,"_tribe_ticket_use_global_stock":"","_tribe_ticket_global_stock_level":"","_global_stock_mode":"","_global_stock_cap":"","_tribe_rsvp_for_event":"","_tribe_ticket_going_count":"","_tribe_ticket_not_going_count":"","_tribe_tickets_list":"[]","_tribe_ticket_has_attendee_info_fields":false,"footnotes":""},"categories":[22,23],"tags":[],"class_list":["post-915","post","type-post","status-publish","format-standard","has-post-thumbnail","hentry","category-economie","category-societe"],"uagb_featured_image_src":{"full":["https:\/\/koyebanatv.com\/wp-content\/uploads\/2024\/12\/WhatsApp-Image-2024-12-20-a-12.25.32_656bbaef.jpg",1600,720,false],"thumbnail":["https:\/\/koyebanatv.com\/wp-content\/uploads\/2024\/12\/WhatsApp-Image-2024-12-20-a-12.25.32_656bbaef-150x150.jpg",150,150,true],"medium":["https:\/\/koyebanatv.com\/wp-content\/uploads\/2024\/12\/WhatsApp-Image-2024-12-20-a-12.25.32_656bbaef-300x135.jpg",300,135,true],"medium_large":["https:\/\/koyebanatv.com\/wp-content\/uploads\/2024\/12\/WhatsApp-Image-2024-12-20-a-12.25.32_656bbaef-768x346.jpg",768,346,true],"large":["https:\/\/koyebanatv.com\/wp-content\/uploads\/2024\/12\/WhatsApp-Image-2024-12-20-a-12.25.32_656bbaef-1024x461.jpg",1024,461,true],"1536x1536":["https:\/\/koyebanatv.com\/wp-content\/uploads\/2024\/12\/WhatsApp-Image-2024-12-20-a-12.25.32_656bbaef-1536x691.jpg",1536,691,true],"2048x2048":["https:\/\/koyebanatv.com\/wp-content\/uploads\/2024\/12\/WhatsApp-Image-2024-12-20-a-12.25.32_656bbaef.jpg",1600,720,false]},"uagb_author_info":{"display_name":"Nadine Ihou","author_link":"https:\/\/koyebanatv.com\/author\/koyebanatv-com\/"},"uagb_comment_info":96,"uagb_excerpt":"La salle des archives d\u00e9partementales et m\u00e9tropolitaines vient d\u2019accueillir le 13 d\u00e9cembre 2024, un \u00e9v\u00e8nement majeur autour du th\u00e8me\u00a0: \u2018\u2019CAPITALISATION ET RAYONNEMENT DES PROJETS INTERNATIONAUX\u2019\u2019, organis\u00e9 par le COSIM \u2018\u2019 [&hellip;]","_links":{"self":[{"href":"https:\/\/koyebanatv.com\/index.php\/wp-json\/wp\/v2\/posts\/915","targetHints":{"allow":["GET"]}}],"collection":[{"href":"https:\/\/koyebanatv.com\/index.php\/wp-json\/wp\/v2\/posts"}],"about":[{"href":"https:\/\/koyebanatv.com\/index.php\/wp-json\/wp\/v2\/types\/post"}],"author":[{"embeddable":true,"href":"https:\/\/koyebanatv.com\/index.php\/wp-json\/wp\/v2\/users\/1"}],"replies":[{"embeddable":true,"href":"https:\/\/koyebanatv.com\/index.php\/wp-json\/wp\/v2\/comments?post=915"}],"version-history":[{"count":4,"href":"https:\/\/koyebanatv.com\/index.php\/wp-json\/wp\/v2\/posts\/915\/revisions"}],"predecessor-version":[{"id":929,"href":"https:\/\/koyebanatv.com\/index.php\/wp-json\/wp\/v2\/posts\/915\/revisions\/929"}],"wp:featuredmedia":[{"embeddable":true,"href":"https:\/\/koyebanatv.com\/index.php\/wp-json\/wp\/v2\/media\/920"}],"wp:attachment":[{"href":"https:\/\/koyebanatv.com\/index.php\/wp-json\/wp\/v2\/media?parent=915"}],"wp:term":[{"taxonomy":"category","embeddable":true,"href":"https:\/\/koyebanatv.com\/index.php\/wp-json\/wp\/v2\/categories?post=915"},{"taxonomy":"post_tag","embeddable":true,"href":"https:\/\/koyebanatv.com\/index.php\/wp-json\/wp\/v2\/tags?post=915"}],"curies":[{"name":"wp","href":"https:\/\/api.w.org\/{rel}","templated":true}]}}